{"id":619,"date":"2014-07-08T20:15:00","date_gmt":"2014-07-08T18:15:00","guid":{"rendered":"https:\/\/jsens.fi\/?p=619"},"modified":"2023-09-05T20:15:55","modified_gmt":"2023-09-05T18:15:55","slug":"puheenjohtajan-blogi-5-2014","status":"publish","type":"post","link":"https:\/\/jsens.fi\/?p=619","title":{"rendered":"Puheenjohtajan blogi 5\/2014"},"content":{"rendered":"\n<p>Edellisess\u00e4 blogissa esitetty huhu siit\u00e4, ett\u00e4 JSENS:n ajaja ajaisi MM-kilpailussa, piti siis paikkansa ja Matti Oikari edusti hienosti Suomea ja seuraa. Onnittelut n\u00e4in bloginkin v\u00e4lityksell\u00e4 Matille hienosta suorituksesta!<\/p>\n\n\n\n<p>Seuran toistaiseksi ainoaa ajopaikkaa, H\u00e4rk\u00f6vuorta, on kunnostettu talkoilla ja siit\u00e4 onkin saatu jo huomattavasti ajettavampi. Vaativuutta edelleen l\u00f6ytyy, mik\u00e4 endurokuljettajalle ei ole huono asia. Esimerkiksi viime viikonloppuna ajetussa SM-endurossa tarvittiin paljon juuri H\u00e4rk\u00f6vuoresta satua ajokokemusta. Teemu Viinikainen, joka huolehtii H\u00e4rk\u00f6vuoren reitist\u00e4, on tehnyt paljon t\u00f6it\u00e4 sen eteen ett\u00e4 reitti on edes olemassa. On siis oikeus ja kohtuus, ett\u00e4 seuran j\u00e4senet osallistuvat kunnossapitoon, vaikka talkoiden muodossa. Enduroreittien kunnostukseen on harvoin mahdollisuutta hankkia konety\u00f6t\u00e4, mutta aina kun se on mahdollista, ei sit\u00e4 ep\u00e4r\u00f6id\u00e4 hankkia. Mutta iso osa monesta reitist\u00e4 on vain teht\u00e4v\u00e4 k\u00e4sity\u00f6n\u00e4 ja sen hankkimisen ostopalveluna ei ainakaan viel\u00e4 ole mahdollista eik\u00e4 kai j\u00e4rkev\u00e4\u00e4k\u00e4\u00e4n.<\/p>\n\n\n\n<p>Kes\u00e4kausi on kiireist\u00e4 aikaa, monessakin suhteessa. Enduron puolesta kisakausi alkaa olla kiivaimmillaan ja sarjaendurot starttaavat taas parin kuukauden tauon j\u00e4lkeen 12.7. Nyt ensimm\u00e4ist\u00e4 kertaa yhteistoiminnassa kahden muun seuran kanssa: Keuruun Maastomotoristien ja M\u00e4nt\u00e4n Seudun Moottorikerhon. Ajoharjoittelun lis\u00e4ksi n\u00e4m\u00e4 sarjaendurot ovat hyv\u00e4 mahdollisuus tavata muita lajin harrastajia, mit\u00e4 mahdollisesti aikaisemmin ei ole tavannut. Tulevat reitit ovat kaiken lis\u00e4ksi hienoja reittej\u00e4, joita harvoin p\u00e4\u00e4see ajamaan: nopeavauhtista kangasmaastoa, joten kenenk\u00e4\u00e4n ei tarvitse ep\u00e4ill\u00e4 ettei selvi\u00e4isi reitist\u00e4.<\/p>\n\n\n\n<p>L\u00e4hitulevaisuudessa, eli elokuun loppuun menness\u00e4, on anottava vuoden 2015 endurokilpailut. Hallituksessa on puhuttu siit\u00e4, ett\u00e4 JSENS j\u00e4rjest\u00e4isi kilpailun ensi vuonna, mutta se tietenkin edellytt\u00e4\u00e4 ett\u00e4 meill\u00e4 on innokkaita ja aktiivisia kilpailun j\u00e4rjest\u00e4ji\u00e4 sek\u00e4 lisenssillisi\u00e4 henkil\u00f6it\u00e4 tiettyihin toimitsijateht\u00e4viin. Jos kilpailu p\u00e4\u00e4tet\u00e4\u00e4n hakea, tulee eteen se, ett\u00e4 aletaan j\u00e4rjest\u00e4\u00e4 lisenssikoulutuksia ja toivotaan, ett\u00e4 mahdollisimman moni p\u00e4\u00e4sisi osallistumaan niihin. Lis\u00e4ksi se, millainen kilpailu aiotaan tai halutaan j\u00e4rjest\u00e4\u00e4, on auki. T\u00e4h\u00e4nkin haluttaisiin mielipiteit\u00e4, v\u00e4hint\u00e4\u00e4n siit\u00e4 halutaanko j\u00e4rjest\u00e4\u00e4 kes\u00e4- vai talvikilpailu. Jotain erilaista se voisi kuitenkin olla, niin kuin X-racingin haastattelussa v\u00e4h\u00e4n lupasin.<\/p>\n\n\n\n<p>Itsekin olen jo ehtinyt parissa kansallisessa kilpailussa k\u00e4yd\u00e4 ja lyhyesti voisi todeta ett\u00e4 kyll\u00e4 t\u00e4m\u00e4 laji pit\u00e4\u00e4 v\u00e4lill\u00e4 n\u00f6yr\u00e4n\u00e4: perusasiat pit\u00e4\u00e4 olla hallussa ja ilman harjoittelua ei p\u00e4rj\u00e4\u00e4. Onneksi saatiin j\u00e4rjestetty\u00e4 koulutusta, viel\u00e4p\u00e4 maailmanmestaritasoista, lajin perusasioihin josta jokaisen koulutukseen osallistuneen on hyv\u00e4 jatkaa kehittymist\u00e4 endurokuljettajana.<\/p>\n\n\n\n<p>Haluan lopuksi toivottaa kaikille aurinkoista ja rentouttavaa kes\u00e4naikaa! N\u00e4hd\u00e4\u00e4n enduropoluilla \ud83d\ude42<\/p>\n","protected":false},"excerpt":{"rendered":"<p>Edellisess\u00e4 blogissa esitetty huhu siit\u00e4, ett\u00e4 JSENS:n ajaja ajaisi MM-kilpailussa, piti siis paikkansa ja Matti [&hellip;]<\/p>\n","protected":false},"author":1,"featured_media":0,"comment_status":"open","ping_status":"open","sticky":false,"template":"","format":"standard","meta":{"footnotes":""},"categories":[23],"tags":[60],"class_list":["post-619","post","type-post","status-publish","format-standard","hentry","category-uutiset","tag-blogi"],"_links":{"self":[{"href":"https:\/\/jsens.fi\/index.php?rest_route=\/wp\/v2\/posts\/619","targetHints":{"allow":["GET"]}}],"collection":[{"href":"https:\/\/jsens.fi\/index.php?rest_route=\/wp\/v2\/posts"}],"about":[{"href":"https:\/\/jsens.fi\/index.php?rest_route=\/wp\/v2\/types\/post"}],"author":[{"embeddable":true,"href":"https:\/\/jsens.fi\/index.php?rest_route=\/wp\/v2\/users\/1"}],"replies":[{"embeddable":true,"href":"https:\/\/jsens.fi\/index.php?rest_route=%2Fwp%2Fv2%2Fcomments&post=619"}],"version-history":[{"count":1,"href":"https:\/\/jsens.fi\/index.php?rest_route=\/wp\/v2\/posts\/619\/revisions"}],"predecessor-version":[{"id":620,"href":"https:\/\/jsens.fi\/index.php?rest_route=\/wp\/v2\/posts\/619\/revisions\/620"}],"wp:attachment":[{"href":"https:\/\/jsens.fi\/index.php?rest_route=%2Fwp%2Fv2%2Fmedia&parent=619"}],"wp:term":[{"taxonomy":"category","embeddable":true,"href":"https:\/\/jsens.fi\/index.php?rest_route=%2Fwp%2Fv2%2Fcategories&post=619"},{"taxonomy":"post_tag","embeddable":true,"href":"https:\/\/jsens.fi\/index.php?rest_route=%2Fwp%2Fv2%2Ftags&post=619"}],"curies":[{"name":"wp","href":"https:\/\/api.w.org\/{rel}","templated":true}]}}