{"id":625,"date":"2015-02-23T20:18:00","date_gmt":"2015-02-23T18:18:00","guid":{"rendered":"https:\/\/jsens.fi\/?p=625"},"modified":"2023-09-05T20:19:38","modified_gmt":"2023-09-05T18:19:38","slug":"puheenjohtajan-blogi-1-2015","status":"publish","type":"post","link":"https:\/\/jsens.fi\/?p=625","title":{"rendered":"Puheenjohtajan blogi 1\/2015"},"content":{"rendered":"\n<p>Endurovuosi 2015 on l\u00e4htenyt k\u00e4yntiin niin vauhdikkaasti, etten ole ehtinyt edes kirjoittaa. T\u00e4ss\u00e4 tulee nyt kuitenkin t\u00e4m\u00e4n vuoden ensimm\u00e4inen kirjoitus ja nyt onkin hyv\u00e4 aika v\u00e4h\u00e4n analysoida mennytt\u00e4 talvea.<\/p>\n\n\n\n<p>Talvi k\u00e4ynnistyi viime vuodesta poiketen reippaalla lumentulolla ja tauon j\u00e4lkeen on p\u00e4\u00e4sty harjoittelemaan taas talvispoorin aukaisua ja ajoa. Pime\u00e4ajokin on monelle tullut tutuksi. Normaalia talviendurohommaa siis. Kun enduron kilpailukalenteri julkaistiin, oli viikonloput t\u00e4ytetty kilpailuilla ja omat tapahtumat yritettiin sovittaa niiden mukaisesti. Talvelle saatiinkin mahtumaan useita sarjaenduroita ja jopa spoorikoulutusta. Itse vedin ensimm\u00e4isen Puuppolassa, ennen K-SMK:n sarjaenduroita ja toisen tulee vet\u00e4m\u00e4\u00e4n hieman kokeneempi &#8221;spoorikettu&#8221;, Marko Laaksonen. Perustoimintaa on siis yll\u00e4pidetty.<\/p>\n\n\n\n<p>Sarjaenduroihin on osallistunut mukavasti v\u00e4ke\u00e4 ja uuttakin on kehitetty, l\u00e4hinn\u00e4 palkintojen muodossa. Sarjaenduroiden paikkaa on hieman jouduttu viilailemaan eri syist\u00e4, mutta l\u00e4hes kaikki suunnitelman mukaiset pystyt\u00e4\u00e4n j\u00e4rjest\u00e4m\u00e4\u00e4n. Itse olen my\u00f6s pit\u00e4nyt siit\u00e4 tunnelmasta, joka sarjaenduroiden aikaan on vallinnut.<\/p>\n\n\n\n<p>Tuleva kes\u00e4kilpailu huolettaa hieman, sill\u00e4 rekrytointi kilpailuorganisaatioon on ollut vaatimatonta. Endurokilpailu vaatii aika monta tekij\u00e4\u00e4 ja onkin t\u00e4rke\u00e4\u00e4, ett\u00e4 kaikki osallistuvat t\u00e4h\u00e4n voimanponnistukseen. Kes\u00e4n ehk\u00e4 parhaan endurokilpailun tekeminen on vain henkil\u00f6st\u00f6\u00e4 vailla.<\/p>\n\n\n\n<p>Nyt kun uutta toimintavuotta on k\u00e4ynnistetty, on tullut my\u00f6s aika p\u00e4ivitt\u00e4\u00e4 j\u00e4senluetteloa. Vuoden ja alkuvuodenkin aikana on tullut paljon uusia j\u00e4seni\u00e4, mutta osa on p\u00e4\u00e4tynyt my\u00f6s siihen ratkaisuun ett\u00e4 eiv\u00e4t halua jatkaa seurassa. T\u00e4ss\u00e4 vaiheessa haluankin kiitt\u00e4\u00e4 niit\u00e4, jotka olivat tukemassa seuran toiminnan aloittamista vaikka eiv\u00e4t en\u00e4\u00e4 haluakaan j\u00e4senin\u00e4 jatkaa: te olitte t\u00e4rke\u00e4ss\u00e4 osassa mahdollistamassa uuden seuran syntymist\u00e4 ja sen kehittymist\u00e4 ensimetreill\u00e4.<\/p>\n\n\n\n<p>Viel\u00e4 on talvea j\u00e4ljell\u00e4 ja enduron suurin tapahtuma on kuukauden p\u00e4\u00e4st\u00e4. P\u00e4ij\u00e4nteen ymp\u00e4riajossa seuralla on kaksi maastokoetta hoidettavana ja siihenkin tarvitsemme j\u00e4senten tukea. T\u00e4m\u00e4 lajimme lippulaiva on eritt\u00e4in t\u00e4rke\u00e4 my\u00f6s meid\u00e4n toiminnan ja tarkoitusperien eteenp\u00e4inviemisen kannalta. Vaikka se ei seuralle taloudellista hy\u00f6ty\u00e4 juurikaan tuo, tuottaa se v\u00e4lillisesti kuitenkin hyv\u00e4\u00e4.<\/p>\n\n\n\n<p>Itsell\u00e4 on edess\u00e4 uusi vaihe el\u00e4m\u00e4ss\u00e4, l\u00e4hinn\u00e4 paikkakunnan vaihdoksen my\u00f6t\u00e4. Muuttoauto tulee hakemaan muuttokuorman maaliskuun alussa ja sen j\u00e4lkeen asuinpaikka l\u00f6ytyykin Pohjois-Savosta. Sen j\u00e4lkeen puheenjohtajuutta aletaan toteuttaa &#8221;et\u00e4n\u00e4&#8221;. Uskon, ett\u00e4 nykyisell\u00e4 tekniikalla se ei ole ongelma ja toiminta jatkuu kuten ennenkin. Tosin spoorin aukaisussa minua varmaan n\u00e4kyy nyt v\u00e4hemm\u00e4n kuin alkutalvesta.<\/p>\n\n\n\n<p>Mukavaa talven jatkoa kaikille ja kes\u00e4kautta alamme hallituksen kanssa suunnittelemaan heti, kun P\u00e4itsi-kiireet on saatu ohi.&nbsp;<\/p>\n","protected":false},"excerpt":{"rendered":"<p>Endurovuosi 2015 on l\u00e4htenyt k\u00e4yntiin niin vauhdikkaasti, etten ole ehtinyt edes kirjoittaa. T\u00e4ss\u00e4 tulee nyt [&hellip;]<\/p>\n","protected":false},"author":1,"featured_media":0,"comment_status":"open","ping_status":"open","sticky":false,"template":"","format":"standard","meta":{"footnotes":""},"categories":[23],"tags":[60],"class_list":["post-625","post","type-post","status-publish","format-standard","hentry","category-uutiset","tag-blogi"],"_links":{"self":[{"href":"https:\/\/jsens.fi\/index.php?rest_route=\/wp\/v2\/posts\/625","targetHints":{"allow":["GET"]}}],"collection":[{"href":"https:\/\/jsens.fi\/index.php?rest_route=\/wp\/v2\/posts"}],"about":[{"href":"https:\/\/jsens.fi\/index.php?rest_route=\/wp\/v2\/types\/post"}],"author":[{"embeddable":true,"href":"https:\/\/jsens.fi\/index.php?rest_route=\/wp\/v2\/users\/1"}],"replies":[{"embeddable":true,"href":"https:\/\/jsens.fi\/index.php?rest_route=%2Fwp%2Fv2%2Fcomments&post=625"}],"version-history":[{"count":1,"href":"https:\/\/jsens.fi\/index.php?rest_route=\/wp\/v2\/posts\/625\/revisions"}],"predecessor-version":[{"id":626,"href":"https:\/\/jsens.fi\/index.php?rest_route=\/wp\/v2\/posts\/625\/revisions\/626"}],"wp:attachment":[{"href":"https:\/\/jsens.fi\/index.php?rest_route=%2Fwp%2Fv2%2Fmedia&parent=625"}],"wp:term":[{"taxonomy":"category","embeddable":true,"href":"https:\/\/jsens.fi\/index.php?rest_route=%2Fwp%2Fv2%2Fcategories&post=625"},{"taxonomy":"post_tag","embeddable":true,"href":"https:\/\/jsens.fi\/index.php?rest_route=%2Fwp%2Fv2%2Ftags&post=625"}],"curies":[{"name":"wp","href":"https:\/\/api.w.org\/{rel}","templated":true}]}}